{"id":606,"date":"2024-02-15T00:30:00","date_gmt":"2024-02-14T22:30:00","guid":{"rendered":"http:\/\/ag-theater.de\/?p=606"},"modified":"2024-02-15T00:30:01","modified_gmt":"2024-02-14T22:30:01","slug":"bewerbungsphase-fuer-die-bayerischen-theatertage-2024-in-wuerzburg","status":"publish","type":"post","link":"http:\/\/ag-theater.de\/?p=606","title":{"rendered":"Bewerbungsphase f\u00fcr die Bayerischen Theatertage 2024 in W\u00fcrzburg"},"content":{"rendered":"\n<p>Wir haben uns mit unserem aktuellen St\u00fcck &#8222;Der Fluch des Drachen&#8220; bei den Bayerischen Theatertagen in W\u00fcrzburg beworben. Erst im M\u00e4rz werden wir wissen, ob wir dabei sind.<br>Unter dem Link kann man das Bewerbungsvideo anschauen:<\/p>\n\n\n\n<pre class=\"wp-block-code\"><code><a href=\"https:\/\/youtu.be\/Fiy5MgkJ8g0\">https:\/\/youtu.be\/Fiy5MgkJ8g0<\/a><\/code><\/pre>\n","protected":false},"excerpt":{"rendered":"<p>Wir haben uns mit unserem aktuellen St\u00fcck &#8222;Der Fluch des Drachen&#8220; bei den Bayerischen Theatertagen in W\u00fcrzburg beworben. Erst im M\u00e4rz werden wir wissen, ob wir dabei sind.Unter dem Link kann man das Bewerbungsvideo anschauen:<\/p>\n","protected":false},"author":1,"featured_media":0,"comment_status":"closed","ping_status":"closed","sticky":false,"template":"","format":"standard","meta":{"footnotes":""},"categories":[1],"tags":[],"class_list":["post-606","post","type-post","status-publish","format-standard","hentry","category-uncategorized","post-preview"],"_links":{"self":[{"href":"http:\/\/ag-theater.de\/index.php?rest_route=\/wp\/v2\/posts\/606","targetHints":{"allow":["GET"]}}],"collection":[{"href":"http:\/\/ag-theater.de\/index.php?rest_route=\/wp\/v2\/posts"}],"about":[{"href":"http:\/\/ag-theater.de\/index.php?rest_route=\/wp\/v2\/types\/post"}],"author":[{"embeddable":true,"href":"http:\/\/ag-theater.de\/index.php?rest_route=\/wp\/v2\/users\/1"}],"replies":[{"embeddable":true,"href":"http:\/\/ag-theater.de\/index.php?rest_route=%2Fwp%2Fv2%2Fcomments&post=606"}],"version-history":[{"count":1,"href":"http:\/\/ag-theater.de\/index.php?rest_route=\/wp\/v2\/posts\/606\/revisions"}],"predecessor-version":[{"id":607,"href":"http:\/\/ag-theater.de\/index.php?rest_route=\/wp\/v2\/posts\/606\/revisions\/607"}],"wp:attachment":[{"href":"http:\/\/ag-theater.de\/index.php?rest_route=%2Fwp%2Fv2%2Fmedia&parent=606"}],"wp:term":[{"taxonomy":"category","embeddable":true,"href":"http:\/\/ag-theater.de\/index.php?rest_route=%2Fwp%2Fv2%2Fcategories&post=606"},{"taxonomy":"post_tag","embeddable":true,"href":"http:\/\/ag-theater.de\/index.php?rest_route=%2Fwp%2Fv2%2Ftags&post=606"}],"curies":[{"name":"wp","href":"https:\/\/api.w.org\/{rel}","templated":true}]}}