{"id":632,"date":"2024-06-29T17:00:24","date_gmt":"2024-06-29T15:00:24","guid":{"rendered":"http:\/\/ag-theater.de\/?p=632"},"modified":"2024-06-29T17:24:11","modified_gmt":"2024-06-29T15:24:11","slug":"noch-drei-auffuehrungen","status":"publish","type":"post","link":"http:\/\/ag-theater.de\/?p=632","title":{"rendered":"Noch drei Auff\u00fchrungen"},"content":{"rendered":"\n<p>Die Vorstellungen bei den N\u00fcrnberger Kulturtagen sind vorbei. Mit gro\u00dfem Erfolg ist die Premiere des St\u00fccks &#8222;Das Geheimnis des Drachen&#8220; aufgef\u00fchrt worden. <\/p>\n\n\n\n<figure class=\"wp-block-embed is-type-wp-embed is-provider-kulturtage-n-rnberg wp-block-embed-kulturtage-n-rnberg\"><div class=\"wp-block-embed__wrapper\">\n<blockquote hcb-fetch-image-from=\"https:\/\/kulturtage.schulamt.info\/das-geheimnis-des-drachen\" class=\"wp-embedded-content\" data-secret=\"c1bDKuEfgH\"><a href=\"https:\/\/kulturtage.schulamt.info\/das-geheimnis-des-drachen\/\">Das Geheimnis des Drachen<\/a><\/blockquote><iframe loading=\"lazy\" class=\"wp-embedded-content\" sandbox=\"allow-scripts\" security=\"restricted\" style=\"position: absolute; clip: rect(1px, 1px, 1px, 1px);\" title=\"&#8222;Das Geheimnis des Drachen&#8220; &#8212; Kulturtage N\u00fcrnberg\" src=\"https:\/\/kulturtage.schulamt.info\/das-geheimnis-des-drachen\/embed\/#?secret=5NDGgpzB9d#?secret=c1bDKuEfgH\" data-secret=\"c1bDKuEfgH\" width=\"600\" height=\"338\" frameborder=\"0\" marginwidth=\"0\" marginheight=\"0\" scrolling=\"no\"><\/iframe>\n<\/div><\/figure>\n\n\n\n<p>Jetzt folgen noch zwei Auff\u00fchrungen in der Turnhalle (Dienstag 18.30 Uhr und Mittwoch 8.15 Uhr). Zum Abschluss geht es noch zu den bayerischen Theatertagen nach W\u00fcrzburg. Dort spielen wir die Er\u00f6ffnung des dortigen Festivals und f\u00fchlen uns geehrt, dies im Mainfrankentheater machen zu d\u00fcrfen.<\/p>\n\n\n\n<p>Hier wird es nach dem Festival Fotos und evtl. eine Kritik zum St\u00fcck geben: <a href=\"https:\/\/www.paks-bayern.de\/das-geheimnis-des-drachen.html\">https:\/\/www.paks-bayern.de\/das-geheimnis-des-drachen.html<\/a><\/p>\n\n\n\n<figure class=\"wp-block-image size-large\"><a href=\"http:\/\/ag-theater.de\/wp-content\/uploads\/2024\/06\/WhatsApp-Image-2024-06-24-at-21.10.021.jpeg\"><img loading=\"lazy\" decoding=\"async\" width=\"1024\" height=\"576\" src=\"http:\/\/ag-theater.de\/wp-content\/uploads\/2024\/06\/WhatsApp-Image-2024-06-24-at-21.10.021-1024x576.jpeg\" alt=\"\" class=\"wp-image-633\" srcset=\"http:\/\/ag-theater.de\/wp-content\/uploads\/2024\/06\/WhatsApp-Image-2024-06-24-at-21.10.021-1024x576.jpeg 1024w, http:\/\/ag-theater.de\/wp-content\/uploads\/2024\/06\/WhatsApp-Image-2024-06-24-at-21.10.021-300x169.jpeg 300w, http:\/\/ag-theater.de\/wp-content\/uploads\/2024\/06\/WhatsApp-Image-2024-06-24-at-21.10.021-768x432.jpeg 768w, http:\/\/ag-theater.de\/wp-content\/uploads\/2024\/06\/WhatsApp-Image-2024-06-24-at-21.10.021-1536x864.jpeg 1536w, http:\/\/ag-theater.de\/wp-content\/uploads\/2024\/06\/WhatsApp-Image-2024-06-24-at-21.10.021-676x380.jpeg 676w, http:\/\/ag-theater.de\/wp-content\/uploads\/2024\/06\/WhatsApp-Image-2024-06-24-at-21.10.021.jpeg 1600w\" sizes=\"auto, (max-width: 1024px) 100vw, 1024px\" \/><\/a><\/figure>\n","protected":false},"excerpt":{"rendered":"<p>Die Vorstellungen bei den N\u00fcrnberger Kulturtagen sind vorbei. Mit gro\u00dfem Erfolg ist die Premiere des St\u00fccks &#8222;Das Geheimnis des Drachen&#8220; aufgef\u00fchrt worden. Jetzt folgen noch zwei Auff\u00fchrungen in der Turnhalle (Dienstag 18.30 Uhr und Mittwoch 8.15 Uhr). Zum Abschluss geht es noch zu den bayerischen Theatertagen nach W\u00fcrzburg. Dort spielen wir die Er\u00f6ffnung des dortigen [&hellip;]<\/p>\n","protected":false},"author":1,"featured_media":0,"comment_status":"closed","ping_status":"closed","sticky":false,"template":"","format":"standard","meta":{"footnotes":""},"categories":[1],"tags":[],"class_list":["post-632","post","type-post","status-publish","format-standard","hentry","category-uncategorized","post-preview"],"_links":{"self":[{"href":"http:\/\/ag-theater.de\/index.php?rest_route=\/wp\/v2\/posts\/632","targetHints":{"allow":["GET"]}}],"collection":[{"href":"http:\/\/ag-theater.de\/index.php?rest_route=\/wp\/v2\/posts"}],"about":[{"href":"http:\/\/ag-theater.de\/index.php?rest_route=\/wp\/v2\/types\/post"}],"author":[{"embeddable":true,"href":"http:\/\/ag-theater.de\/index.php?rest_route=\/wp\/v2\/users\/1"}],"replies":[{"embeddable":true,"href":"http:\/\/ag-theater.de\/index.php?rest_route=%2Fwp%2Fv2%2Fcomments&post=632"}],"version-history":[{"count":2,"href":"http:\/\/ag-theater.de\/index.php?rest_route=\/wp\/v2\/posts\/632\/revisions"}],"predecessor-version":[{"id":636,"href":"http:\/\/ag-theater.de\/index.php?rest_route=\/wp\/v2\/posts\/632\/revisions\/636"}],"wp:attachment":[{"href":"http:\/\/ag-theater.de\/index.php?rest_route=%2Fwp%2Fv2%2Fmedia&parent=632"}],"wp:term":[{"taxonomy":"category","embeddable":true,"href":"http:\/\/ag-theater.de\/index.php?rest_route=%2Fwp%2Fv2%2Fcategories&post=632"},{"taxonomy":"post_tag","embeddable":true,"href":"http:\/\/ag-theater.de\/index.php?rest_route=%2Fwp%2Fv2%2Ftags&post=632"}],"curies":[{"name":"wp","href":"https:\/\/api.w.org\/{rel}","templated":true}]}}